{"id":1797,"date":"2019-11-12T10:00:03","date_gmt":"2019-11-12T10:00:03","guid":{"rendered":"http:\/\/xn--graumitweiensternchen-9yb.de\/?p=1797"},"modified":"2021-04-08T12:59:16","modified_gmt":"2021-04-08T12:59:16","slug":"diy-adventskalender","status":"publish","type":"post","link":"https:\/\/www.graumitweissensternchen.de\/?p=1797","title":{"rendered":"DIY Adventskalender"},"content":{"rendered":"\n<p>Bereits letztes Jahr habe ich einen <a href=\"http:\/\/xn--graumitweiensternchen-9yb.de\/?p=156\">Beitrag<\/a> ver\u00f6ffentlicht in dem ich gezeigt habe, wie man sch\u00f6ne kleine Stoffs\u00e4ckchen n\u00e4hen kann, die sich z.B. ideal f\u00fcr einen selbstgemachten Adventskalender eignen. Dort findet ihr auch wie immer ein Video, dass euch alle ben\u00f6tigten Schritte zeigt.<\/p>\n\n\n\n<p>Wem diese Variante angesichts der sich mit gro\u00dfen Schritten n\u00e4hernden Adventszeit zu aufw\u00e4ndig ist, dem gefallen vielleicht meine beiden Alternativvorschl\u00e4ge aus diesem Jahr. Statt N\u00e4hmaschine, Stoffreste und Garn, geht es diesmal um Papier, Schere und Klebestift.<\/p>\n\n\n\n<p>Gerade f\u00fcr gemeinsame Aktionen in Form eines Gutscheines oder f\u00fcr sch\u00f6ne Spr\u00fcche eignet sich der Wimpel-Kalender ganz gut. Wer mehr Platz in der Wohnung hat und eher auf s\u00fc\u00dfe Naschereien oder Kleinigkeiten in der Adventszeit steht, hat mit dem Muffinf\u00f6rmchen-Kalender bestimmt seine Freude.<\/p>\n\n\n\n<figure class=\"wp-block-gallery columns-2 is-cropped wp-block-gallery-1 is-layout-flex wp-block-gallery-is-layout-flex\"><ul class=\"blocks-gallery-grid\"><li class=\"blocks-gallery-item\"><figure><img loading=\"lazy\" decoding=\"async\" width=\"1024\" height=\"768\" src=\"http:\/\/xn--graumitweiensternchen-9yb.de\/wp-content\/uploads\/2019\/11\/IMG_1876-1024x768.jpg\" alt=\"\" data-id=\"1800\" data-link=\"http:\/\/xn--graumitweiensternchen-9yb.de\/?attachment_id=1800\" class=\"wp-image-1800\" srcset=\"https:\/\/www.graumitweissensternchen.de\/wp-content\/uploads\/2019\/11\/IMG_1876-1024x768.jpg 1024w, https:\/\/www.graumitweissensternchen.de\/wp-content\/uploads\/2019\/11\/IMG_1876-300x225.jpg 300w, https:\/\/www.graumitweissensternchen.de\/wp-content\/uploads\/2019\/11\/IMG_1876-768x576.jpg 768w, https:\/\/www.graumitweissensternchen.de\/wp-content\/uploads\/2019\/11\/IMG_1876.jpg 1080w\" sizes=\"auto, (max-width: 1024px) 100vw, 1024px\" \/><\/figure><\/li><li class=\"blocks-gallery-item\"><figure><img loading=\"lazy\" decoding=\"async\" width=\"1024\" height=\"768\" src=\"http:\/\/xn--graumitweiensternchen-9yb.de\/wp-content\/uploads\/2019\/11\/IMG_1891-1024x768.jpg\" alt=\"\" data-id=\"1803\" data-link=\"http:\/\/xn--graumitweiensternchen-9yb.de\/?attachment_id=1803\" class=\"wp-image-1803\" srcset=\"https:\/\/www.graumitweissensternchen.de\/wp-content\/uploads\/2019\/11\/IMG_1891-1024x768.jpg 1024w, https:\/\/www.graumitweissensternchen.de\/wp-content\/uploads\/2019\/11\/IMG_1891-300x225.jpg 300w, https:\/\/www.graumitweissensternchen.de\/wp-content\/uploads\/2019\/11\/IMG_1891-768x576.jpg 768w, https:\/\/www.graumitweissensternchen.de\/wp-content\/uploads\/2019\/11\/IMG_1891.jpg 1080w\" sizes=\"auto, (max-width: 1024px) 100vw, 1024px\" \/><\/figure><\/li><\/ul><\/figure>\n\n\n\n<p>Sowohl den <strong>Adventskalender aus Muffinf\u00f6rmchen<\/strong> als auch den <strong>Wimpelketten-Adventskalender<\/strong> stelle ich euch im folgenden Video ausf\u00fchrlich vor. Alle daf\u00fcr ben\u00f6tigten Materialien findet ihr unter dem Video aufgelistet.<\/p>\n\n\n\n<figure class=\"wp-block-embed is-type-video is-provider-youtube wp-block-embed-youtube wp-embed-aspect-16-9 wp-has-aspect-ratio\"><div class=\"wp-block-embed__wrapper\">\n<span class=\"embed-youtube\" style=\"text-align:center; display: block;\"><iframe loading=\"lazy\" class=\"youtube-player\" width=\"1080\" height=\"608\" src=\"https:\/\/www.youtube.com\/embed\/0y_7fk_PvJY?version=3&#038;rel=1&#038;showsearch=0&#038;showinfo=1&#038;iv_load_policy=1&#038;fs=1&#038;hl=de-DE&#038;autohide=2&#038;wmode=transparent\" allowfullscreen=\"true\" style=\"border:0;\" sandbox=\"allow-scripts allow-same-origin allow-popups allow-presentation allow-popups-to-escape-sandbox\"><\/iframe><\/span>\n<\/div><\/figure>\n\n\n\n<h4 class=\"wp-block-heading\">Ben\u00f6tigte Materialien<\/h4>\n\n\n\n<div class=\"wp-block-columns has-2-columns is-layout-flex wp-container-core-columns-is-layout-9d6595d7 wp-block-columns-is-layout-flex\">\n<div class=\"wp-block-column is-layout-flow wp-block-column-is-layout-flow\">\n<p><strong>Wimpelketten-Adventskalender<\/strong><\/p>\n\n\n\n<ul class=\"wp-block-list\"><li>bedrucktes Papier (quadratisch)<\/li><li>Schere &amp; Kleber<\/li><li>Stift<\/li><li>Klebepunkte oder Etiketten<\/li><li>eventuell Stanzer und Locher<\/li><li>Basteltape<\/li><li>Klammern<\/li><li>Schnur<\/li><\/ul>\n<\/div>\n\n\n\n<div class=\"wp-block-column is-layout-flow wp-block-column-is-layout-flow\">\n<p><strong>Muffinf\u00f6rmchen-Adventskalender<\/strong><\/p>\n\n\n\n<ul class=\"wp-block-list\"><li>Muffinf\u00f6rmchen<\/li><li>Seiden- oder Butterbrotpapier<\/li><li>Kleber<\/li><li>Schnur<\/li><li>Stift<\/li><li>Stanzer (z.B. Stern- oder Kreismotiv)<\/li><\/ul>\n<\/div>\n<\/div>\n\n\n\n<figure class=\"wp-block-gallery columns-2 is-cropped wp-block-gallery-2 is-layout-flex wp-block-gallery-is-layout-flex\"><ul class=\"blocks-gallery-grid\"><li class=\"blocks-gallery-item\"><figure><img loading=\"lazy\" decoding=\"async\" width=\"1024\" height=\"768\" src=\"http:\/\/xn--graumitweiensternchen-9yb.de\/wp-content\/uploads\/2019\/11\/IMG_1882-1-1024x768.jpg\" alt=\"\" data-id=\"1812\" data-link=\"http:\/\/xn--graumitweiensternchen-9yb.de\/?attachment_id=1812\" class=\"wp-image-1812\" srcset=\"https:\/\/www.graumitweissensternchen.de\/wp-content\/uploads\/2019\/11\/IMG_1882-1-1024x768.jpg 1024w, https:\/\/www.graumitweissensternchen.de\/wp-content\/uploads\/2019\/11\/IMG_1882-1-300x225.jpg 300w, https:\/\/www.graumitweissensternchen.de\/wp-content\/uploads\/2019\/11\/IMG_1882-1-768x576.jpg 768w, https:\/\/www.graumitweissensternchen.de\/wp-content\/uploads\/2019\/11\/IMG_1882-1.jpg 1080w\" sizes=\"auto, (max-width: 1024px) 100vw, 1024px\" \/><\/figure><\/li><li class=\"blocks-gallery-item\"><figure><img loading=\"lazy\" decoding=\"async\" width=\"1024\" height=\"768\" src=\"http:\/\/xn--graumitweiensternchen-9yb.de\/wp-content\/uploads\/2019\/11\/IMG_1873-1024x768.jpg\" alt=\"\" data-id=\"1799\" data-link=\"http:\/\/xn--graumitweiensternchen-9yb.de\/?attachment_id=1799\" class=\"wp-image-1799\" srcset=\"https:\/\/www.graumitweissensternchen.de\/wp-content\/uploads\/2019\/11\/IMG_1873-1024x768.jpg 1024w, https:\/\/www.graumitweissensternchen.de\/wp-content\/uploads\/2019\/11\/IMG_1873-300x225.jpg 300w, https:\/\/www.graumitweissensternchen.de\/wp-content\/uploads\/2019\/11\/IMG_1873-768x576.jpg 768w, https:\/\/www.graumitweissensternchen.de\/wp-content\/uploads\/2019\/11\/IMG_1873.jpg 1080w\" sizes=\"auto, (max-width: 1024px) 100vw, 1024px\" \/><\/figure><\/li><\/ul><\/figure>\n","protected":false},"excerpt":{"rendered":"<p>Bereits letztes Jahr habe ich einen Beitrag ver\u00f6ffentlicht in dem ich gezeigt habe, wie man sch\u00f6ne kleine Stoffs\u00e4ckchen n\u00e4hen kann, die sich z.B. ideal f\u00fcr einen selbstgemachten Adventskalender eignen. Dort findet ihr auch wie immer ein Video, dass euch alle ben\u00f6tigten Schritte zeigt. Wem diese Variante angesichts der sich mit gro\u00dfen Schritten n\u00e4hernden Adventszeit zu aufw\u00e4ndig ist, dem gefallen vielleicht meine beiden Alternativvorschl\u00e4ge aus diesem Jahr. Statt N\u00e4hmaschine, Stoffreste und Garn, geht es diesmal um Papier, Schere und Klebestift. Gerade f\u00fcr gemeinsame Aktionen in Form eines Gutscheines oder f\u00fcr sch\u00f6ne Spr\u00fcche eignet sich der Wimpel-Kalender ganz gut. Wer mehr Platz in der Wohnung hat und eher auf s\u00fc\u00dfe Naschereien oder Kleinigkeiten in der Adventszeit steht, hat mit dem Muffinf\u00f6rmchen-Kalender bestimmt seine Freude. Sowohl den Adventskalender aus Muffinf\u00f6rmchen als auch den Wimpelketten-Adventskalender stelle ich euch im folgenden Video ausf\u00fchrlich vor. Alle daf\u00fcr ben\u00f6tigten Materialien findet ihr unter dem Video aufgelistet. Ben\u00f6tigte Materialien Wimpelketten-Adventskalender bedrucktes Papier (quadratisch) Schere &amp; Kleber Stift Klebepunkte oder Etiketten eventuell Stanzer und Locher Basteltape Klammern Schnur Muffinf\u00f6rmchen-Adventskalender Muffinf\u00f6rmchen Seiden- oder Butterbrotpapier Kleber Schnur Stift Stanzer (z.B. Stern- oder Kreismotiv)<\/p>\n","protected":false},"author":1,"featured_media":1801,"comment_status":"open","ping_status":"open","sticky":false,"template":"","format":"standard","meta":{"jetpack_post_was_ever_published":false,"_jetpack_newsletter_access":"","_jetpack_dont_email_post_to_subs":false,"_jetpack_newsletter_tier_id":0,"_jetpack_memberships_contains_paywalled_content":false,"_jetpack_memberships_contains_paid_content":false,"footnotes":"","jetpack_publicize_message":"Die Adventszeit r\u00fcckt mit gro\u00dfen Schritten n\u00e4her und damit auch die Frage: Welche Art Adventskalender soll es dieses Jahr sein? Wie w\u00e4re es mit einem selbstgebastelten? Ich stelle euch in meinem aktuellen Beitrag zwei einfache Varianten vor... ;)","jetpack_publicize_feature_enabled":true,"jetpack_social_post_already_shared":true,"jetpack_social_options":{"image_generator_settings":{"template":"highway","default_image_id":0,"font":"","enabled":false},"version":2}},"categories":[7,2,5,6,79],"tags":[],"class_list":["post-1797","post","type-post","status-publish","format-standard","has-post-thumbnail","hentry","category-basteln","category-graumitweissensternchen","category-selbstgemacht","category-upcycling","category-weihnachten"],"jetpack_publicize_connections":[],"jetpack_featured_media_url":"https:\/\/www.graumitweissensternchen.de\/wp-content\/uploads\/2019\/11\/IMG_1877.jpg","jetpack_sharing_enabled":true,"jetpack_shortlink":"https:\/\/wp.me\/paATX9-sZ","_links":{"self":[{"href":"https:\/\/www.graumitweissensternchen.de\/index.php?rest_route=\/wp\/v2\/posts\/1797","targetHints":{"allow":["GET"]}}],"collection":[{"href":"https:\/\/www.graumitweissensternchen.de\/index.php?rest_route=\/wp\/v2\/posts"}],"about":[{"href":"https:\/\/www.graumitweissensternchen.de\/index.php?rest_route=\/wp\/v2\/types\/post"}],"author":[{"embeddable":true,"href":"https:\/\/www.graumitweissensternchen.de\/index.php?rest_route=\/wp\/v2\/users\/1"}],"replies":[{"embeddable":true,"href":"https:\/\/www.graumitweissensternchen.de\/index.php?rest_route=%2Fwp%2Fv2%2Fcomments&post=1797"}],"version-history":[{"count":6,"href":"https:\/\/www.graumitweissensternchen.de\/index.php?rest_route=\/wp\/v2\/posts\/1797\/revisions"}],"predecessor-version":[{"id":3317,"href":"https:\/\/www.graumitweissensternchen.de\/index.php?rest_route=\/wp\/v2\/posts\/1797\/revisions\/3317"}],"wp:featuredmedia":[{"embeddable":true,"href":"https:\/\/www.graumitweissensternchen.de\/index.php?rest_route=\/wp\/v2\/media\/1801"}],"wp:attachment":[{"href":"https:\/\/www.graumitweissensternchen.de\/index.php?rest_route=%2Fwp%2Fv2%2Fmedia&parent=1797"}],"wp:term":[{"taxonomy":"category","embeddable":true,"href":"https:\/\/www.graumitweissensternchen.de\/index.php?rest_route=%2Fwp%2Fv2%2Fcategories&post=1797"},{"taxonomy":"post_tag","embeddable":true,"href":"https:\/\/www.graumitweissensternchen.de\/index.php?rest_route=%2Fwp%2Fv2%2Ftags&post=1797"}],"curies":[{"name":"wp","href":"https:\/\/api.w.org\/{rel}","templated":true}]}}